{"id":81,"date":"2022-06-01T16:11:01","date_gmt":"2022-06-01T21:11:01","guid":{"rendered":""},"modified":"2024-07-22T11:03:35","modified_gmt":"2024-07-22T16:03:35","slug":"informacion-general","status":"publish","type":"post","link":"https:\/\/gth.utp.edu.co\/comite-emergencias\/informacion-general\/","title":{"rendered":"Informaci\u00f3n General"},"content":{"rendered":"\n<h3 class=\"wp-block-heading\"><strong>PLANES DE EMERGENCIAS<\/strong><\/h3>\n\n\n\n<p><span class=\"post-content__span\"> El <a href=\"https:\/\/gth.utp.edu.co\/comite-emergencias\/planes-de-emergencias\/\"><strong>Plan para la Prevenci\u00f3n, Preparaci\u00f3n y Respuesta ante Emergencias<\/strong><\/a> es un conjunto de acciones de preparaci\u00f3n para la gesti\u00f3n del riesgo ante emergencias, re\u00fane las estrategias que permiten, a los miembros de la comunidad universitaria, reducir la posibilidad de ser afectados por eventos adversos.<\/p>\n\n\n\n<p><span class=\"post-content__span\"> El\u00a0<a href=\"https:\/\/gth.utp.edu.co\/comite-emergencias\/planes-de-emergencias\/\"><strong>Plan\u00a0de Emergencias Ambientales<\/strong><\/a>\u00a0es un instrumento de gesti\u00f3n en el cual se establecen las acciones y procedimientos a implementarse en la instituci\u00f3n en el caso de producirse una emergencia sobre alg\u00fan componente b\u00e1sico del ambiente.<\/p>\n\n\n\n<p><span class=\"post-content__span\"> Desde Gesti\u00f3n de Talento Humano se gestionan los planes de emergencias, puede consultarlos <strong><a href=\"https:\/\/www2.utp.edu.co\/gestioncalidad\/documentos-procesos\/8\/1\/Personal\">aqu\u00ed.<\/a><\/strong><\/p>\n\n\n\n<h3 class=\"wp-block-heading\">&nbsp;<\/h3>\n\n\n\n<h3 class=\"wp-block-heading\"><strong>COMIT\u00c9 DE EMERGENCIAS<\/strong><\/h3>\n\n\n\n<p><span class=\"post-content__span\"> El <a href=\"https:\/\/gth.utp.edu.co\/comite-emergencias\/comite-de-emergencias\/\"><strong>Comit\u00e9 de Emergencias<\/strong><\/a> es el \u00f3rgano coordinador del sistema de emergencias y desastres de la Universidad Tecnol\u00f3gica de Pereira, constituido por la alta direcci\u00f3n de la Instituci\u00f3n.<\/p>\n\n\n\n<p><span class=\"post-content__span\"> <strong>Equipos y Grupos.<\/strong><\/p>\n\n\n\n<p><span class=\"post-content__span\"> Son personas con el prop\u00f3sito de desarrollar las acciones de prevenci\u00f3n y control ante situaciones de emergencia, estos equipos y grupos est\u00e1n conformados por personas que aportan su trabajo en funci\u00f3n de la seguridad y bienestar de toda la comunidad en el \u00e1rea de influencia de la Instituci\u00f3n y ser\u00e1n asesores del Comit\u00e9 de Emergencias de la Universidad.<\/p>\n\n\n\n<p><span class=\"post-content__span\"> Conozca m\u00e1s acerca de cada uno:<\/p>\n\n\n\n<ul class=\"wp-block-list\">\n<li><strong><a href=\"https:\/\/gth.utp.edu.co\/comite-emergencias\/brigada-de-emergencia\/\" rel=\"nofollow\">Brigada de Emergencias<\/a><\/strong><\/li>\n\n\n\n<li><a href=\"https:\/\/gth.utp.edu.co\/comite-emergencias\/grupo-de-atencion-medica-inmediata\/\"><strong>Grupo Atenci\u00f3n M\u00e9dica Inmediata<\/strong><\/a><\/li>\n\n\n\n<li><strong><a href=\"https:\/\/gth.utp.edu.co\/comite-emergencias\/grupo-operativo-medico\/\">Grupo Operativo M\u00e9dico<\/a><\/strong><\/li>\n\n\n\n<li><strong><a href=\"https:\/\/gth.utp.edu.co\/comite-emergencias\/grupo-de-primeros-auxilios-psicologicos\/\">Grupo Primeros Auxilios Psicol\u00f3gicos<\/a><\/strong><\/li>\n\n\n\n<li><strong><a href=\"https:\/\/gth.utp.edu.co\/comite-emergencias\/equipo-de-evaluacion-de-infraestructura-y-servicio\/\" rel=\"nofollow\">Equipo de Infraestructura y Servicios<\/a><\/strong><\/li>\n\n\n\n<li><a href=\"https:\/\/gth.utp.edu.co\/comite-emergencias\/programa-tecnologia-en-atencion-prehospitalaria\/\"><strong>Grupo del Programa Tecnolog\u00eda en Atenci\u00f3n Prehospitalaria<\/strong><\/a><\/li>\n\n\n\n<li><a href=\"https:\/\/gth.utp.edu.co\/comite-emergencias\/grupo-de-seguridad-y-salud-en-el-trabajo\/\"><strong>Grupo de Seguridad y Salud en el Trabajo<\/strong><\/a><\/li>\n\n\n\n<li><a href=\"https:\/\/gth.utp.edu.co\/comite-emergencias\/equipo-de-emergencias-ambientales\/\"><strong>Equipo\u00a0de Emergencias Ambientales<\/strong><\/a><\/li>\n\n\n\n<li><a href=\"https:\/\/gth.utp.edu.co\/comite-emergencias\/lideres-de-evacuacion\/\"><strong>L\u00edderes de evacuaci\u00f3n<\/strong><\/a><\/li>\n<\/ul>\n","protected":false},"excerpt":{"rendered":"<p>PLANES DE EMERGENCIAS El Plan para la Prevenci\u00f3n, Preparaci\u00f3n y Respuesta ante Emergencias es un conjunto de acciones de preparaci\u00f3n [&hellip;]<\/p>\n","protected":false},"author":12,"featured_media":0,"comment_status":"closed","ping_status":"closed","sticky":false,"template":"","format":"standard","meta":{"footnotes":""},"categories":[1],"tags":[],"class_list":["post-81","post","type-post","status-publish","format-standard","hentry","category-sin-categoria"],"_links":{"self":[{"href":"https:\/\/gth.utp.edu.co\/comite-emergencias\/wp-json\/wp\/v2\/posts\/81","targetHints":{"allow":["GET"]}}],"collection":[{"href":"https:\/\/gth.utp.edu.co\/comite-emergencias\/wp-json\/wp\/v2\/posts"}],"about":[{"href":"https:\/\/gth.utp.edu.co\/comite-emergencias\/wp-json\/wp\/v2\/types\/post"}],"author":[{"embeddable":true,"href":"https:\/\/gth.utp.edu.co\/comite-emergencias\/wp-json\/wp\/v2\/users\/12"}],"replies":[{"embeddable":true,"href":"https:\/\/gth.utp.edu.co\/comite-emergencias\/wp-json\/wp\/v2\/comments?post=81"}],"version-history":[{"count":10,"href":"https:\/\/gth.utp.edu.co\/comite-emergencias\/wp-json\/wp\/v2\/posts\/81\/revisions"}],"predecessor-version":[{"id":263,"href":"https:\/\/gth.utp.edu.co\/comite-emergencias\/wp-json\/wp\/v2\/posts\/81\/revisions\/263"}],"wp:attachment":[{"href":"https:\/\/gth.utp.edu.co\/comite-emergencias\/wp-json\/wp\/v2\/media?parent=81"}],"wp:term":[{"taxonomy":"category","embeddable":true,"href":"https:\/\/gth.utp.edu.co\/comite-emergencias\/wp-json\/wp\/v2\/categories?post=81"},{"taxonomy":"post_tag","embeddable":true,"href":"https:\/\/gth.utp.edu.co\/comite-emergencias\/wp-json\/wp\/v2\/tags?post=81"}],"curies":[{"name":"wp","href":"https:\/\/api.w.org\/{rel}","templated":true}]}}